{"id":2156,"date":"2023-08-12T08:00:51","date_gmt":"2023-08-12T06:00:51","guid":{"rendered":"https:\/\/paypo.pl\/blog\/?p=2156"},"modified":"2023-08-22T09:03:48","modified_gmt":"2023-08-22T07:03:48","slug":"jaka-wybrac-kurtke-do-dlugiej-sukienki-przewodnik-po-stylach","status":"publish","type":"post","link":"https:\/\/paypo.pl\/blog\/jaka-wybrac-kurtke-do-dlugiej-sukienki-przewodnik-po-stylach\/","title":{"rendered":"Jak\u0105 wybra\u0107 kurtk\u0119 do d\u0142ugiej sukienki? &#8211; Przewodnik po Stylach"},"content":{"rendered":"<p><span style=\"font-weight: 400;\">D\u0142ugie sukienki s\u0105 eleganckie i kobiece. Podkre\u015blaj\u0105 atuty sylwetki, a jednocze\u015bnie pozwalaj\u0105 ukry\u0107 drobne mankamenty. Mo\u017cna nosi\u0107 je o ka\u017cdej porze roku. Wiele os\u00f3b zadaje sobie pytanie: je\u015bli d\u0142uga kreacja, to <\/span><b>jaka kurtka<\/b><span style=\"font-weight: 400;\">? <\/span><b>Do d\u0142ugiej sukienki <\/b><span style=\"font-weight: 400;\">warto wybra\u0107 model, kt\u00f3ry nie zaburzy proporcji sylwetki i b\u0119dzie odpowiednio dopasowany do konkretnej okazji. Jak to zrobi\u0107, aby stworzy\u0107 modn\u0105 stylizacj\u0119?\u00a0<\/span><\/p>\n<div id=\"toc_container\" class=\"no_bullets\"><p class=\"toc_title\">Spis tre\u015bci<\/p><ul class=\"toc_list\"><li><a href=\"#Jak_dobrze_dobrac_kurtke_do_dlugiej_sukienki\"><span class=\"toc_number toc_depth_1\">1<\/span> Jak dobrze dobra\u0107 kurtk\u0119 do d\u0142ugiej sukienki?<\/a><ul><li><a href=\"#Najlepsze_kurtki_do_dlugich_sukienek_na_rozne_okazje\"><span class=\"toc_number toc_depth_2\">1.1<\/span> Najlepsze kurtki do d\u0142ugich sukienek na r\u00f3\u017cne okazje<\/a><ul><li><a href=\"#Studniowka_elegancka_kurtka_ktora_podkresli_Twoja_stylizacje\"><span class=\"toc_number toc_depth_3\">1.1.1<\/span> Studni\u00f3wka \u2013 elegancka kurtka, kt\u00f3ra podkre\u015bli Twoj\u0105 stylizacj\u0119\u00a0<\/a><\/li><li><a href=\"#Chrzciny_i_komunia\"><span class=\"toc_number toc_depth_3\">1.1.2<\/span> Chrzciny i komunia\u00a0<\/a><\/li><li><a href=\"#Rodzinna_impreza_urodziny_grill_i_wiele_innych\"><span class=\"toc_number toc_depth_3\">1.1.3<\/span> Rodzinna impreza \u2013 urodziny, grill i wiele innych\u00a0<\/a><\/li><li><a href=\"#Romantyczna_kolacja\"><span class=\"toc_number toc_depth_3\">1.1.4<\/span> Romantyczna kolacja<\/a><\/li><li><a href=\"#Wesele\"><span class=\"toc_number toc_depth_3\">1.1.5<\/span> Wesele<\/a><\/li><\/ul><\/li><\/ul><\/li><li><a href=\"#Kurtki_do_dlugich_sukienek_na_rozne_pory_roku\"><span class=\"toc_number toc_depth_1\">2<\/span> Kurtki do d\u0142ugich sukienek na r\u00f3\u017cne pory roku<\/a><ul><li><a href=\"#Kurtki_do_dlugich_sukienek_na_wiosne_i_lato\"><span class=\"toc_number toc_depth_2\">2.1<\/span> Kurtki do d\u0142ugich sukienek na wiosn\u0119 i lato<\/a><\/li><li><a href=\"#Kurtki_do_dlugich_sukienek_na_jesien_i_zime\"><span class=\"toc_number toc_depth_2\">2.2<\/span> Kurtki do d\u0142ugich sukienek na jesie\u0144 i zim\u0119<\/a><\/li><\/ul><\/li><li><a href=\"#Jakie_kurtki_do_dlugich_sukienek_sa_teraz_modne\"><span class=\"toc_number toc_depth_1\">3<\/span> Jakie kurtki do d\u0142ugich sukienek s\u0105 teraz modne?<\/a><ul><li><a href=\"#Trendy_w_kurtkach_do_dlugich_sukienek\"><span class=\"toc_number toc_depth_2\">3.1<\/span> Trendy w kurtkach do d\u0142ugich sukienek<\/a><\/li><\/ul><\/li><\/ul><\/div>\n<h2><span id=\"Jak_dobrze_dobrac_kurtke_do_dlugiej_sukienki\"><span style=\"font-weight: 400;\">Jak dobrze dobra\u0107 kurtk\u0119 do d\u0142ugiej sukienki?<\/span><\/span><\/h2>\n<p><b>D\u0142uga sukienka na wesele<\/b><span style=\"font-weight: 400;\">, chrzest czy inn\u0105 okazj\u0119 to \u015bwietny wyb\u00f3r. Pozwoli Ci poczu\u0107 si\u0119 kobieco, a jednocze\u015bnie zapewni swobod\u0119 \u2013 nie b\u0119dziesz musia\u0142a obawia\u0107 si\u0119 o to, \u017ce sukienka si\u0119 podwinie podczas ta\u0144ca, zabawy z dzie\u0107mi czy udzia\u0142u w aktywno\u015bciach zaproponowanych przez gospodarzy. Warto pami\u0119ta\u0107, \u017ce aby sukienka dobrze si\u0119 prezentowa\u0142a, trzeba dobra\u0107 do niej odpowiednie dodatki. Buty i torebk\u0119 mo\u017cesz dobra\u0107 dowolnie. Szukaj takich, kt\u00f3re najbardziej Ci si\u0119 spodobaj\u0105. Dylemat w sprawie dope\u0142nienia stylizacji jest zwi\u0105zany z tym, jakie okrycie wierzchnie wybra\u0107, aby ca\u0142o\u015b\u0107 wygl\u0105da\u0142a sp\u00f3jnie, modnie, a przy tym sprawi\u0142a, \u017ce nie zmarzniesz w ch\u0142odny dzie\u0144.\u00a0<\/span><\/p>\n<h3><span id=\"Najlepsze_kurtki_do_dlugich_sukienek_na_rozne_okazje\"><span style=\"font-weight: 400;\">Najlepsze kurtki do d\u0142ugich sukienek na r\u00f3\u017cne okazje<\/span><\/span><\/h3>\n<p><b>Jaka kurtka do d\u0142ugiej sukienki na wesele <\/b><span style=\"font-weight: 400;\">lub inn\u0105 okazj\u0119? Taka, kt\u00f3ra b\u0119dzie dopasowana do wybranej kreacji. Ta sama kurtka do sukienki na wesele i na grilla z rodzin\u0105 nie b\u0119dzie najlepszym wyborem. S\u0105 to dwie r\u00f3\u017cne okazje, kt\u00f3re automatycznie wymagaj\u0105 zastosowania si\u0119 do innego dress codu. Poni\u017cej omawiamy kilka okazji, na kt\u00f3re cz\u0119sto wybiera si\u0119 d\u0142ugie suknie. Podpowiadamy, jakie kurtki si\u0119 sprawdz\u0105 do ka\u017cdej z nich.\u00a0<\/span><\/p>\n<h4><span id=\"Studniowka_elegancka_kurtka_ktora_podkresli_Twoja_stylizacje\"><span style=\"font-weight: 400;\">Studni\u00f3wka \u2013 elegancka kurtka, kt\u00f3ra podkre\u015bli Twoj\u0105 stylizacj\u0119\u00a0<\/span><\/span><\/h4>\n<p><span style=\"font-weight: 400;\">Studni\u00f3wki z regu\u0142y odbywaj\u0105 si\u0119 w styczniu lub w lutym, czyli zim\u0105, dlatego wymagaj\u0105 za\u0142o\u017cenia kurtki do sukienki.<\/span><b> Jaka kurtka zimowa do d\u0142ugiej sukienki <\/b><span style=\"font-weight: 400;\">b\u0119dzie si\u0119 dobrze prezentowa\u0107 podczas eleganckiego wieczoru z kolegami z klasy i kadr\u0105 pedagogiczn\u0105? Przede wszystkim dobrym wyborem b\u0119dzie klasyczny p\u0142aszcz \u2013 np. ciemnoszary P\u0142aszcz Aegaleia <\/span><span style=\"font-weight: 400;\">&lt;a href=&#8221;https:\/\/born2be.pl\/ciemnoszary-plaszcz-aegalei&#8221; rel=\u201dnofollow\u201d&gt;<\/span><span style=\"font-weight: 400;\">ciemnoszary P\u0142aszcz Aegaleia<\/span><span style=\"font-weight: 400;\">&lt;\/a&gt;<\/span><span style=\"font-weight: 400;\">. Mo\u017cesz wybra\u0107 jednolity kolor b\u0105d\u017a dowolny wz\u00f3r. To zale\u017cy przede wszystkim od sukienki. Je\u015bli jest kolorowa, postaw na spokojn\u0105 kurtk\u0119, o neutralnym charakterze. Je\u015bli sukienka jest jednolita, mo\u017cesz wybra\u0107 np. p\u0142aszcz w krat\u0119.\u00a0<\/span><\/p>\n<p><span style=\"font-weight: 400;\">Zobacz, <a href=\"https:\/\/paypo.pl\/blog\/plaszcz-w-krate-nie-tylko-na-jesien-i-zime-sprawdz-najmodniejsze-stylizacje-wiosna-lato\/\" target=\"_blank\" rel=\"noopener\">jakie stylizacje z p\u0142aszczem stworzy\u0107 wiosn\u0105 i latem<\/a>. <\/span><span style=\"font-weight: 400;\">Dzi\u0119ki temu zainspirujesz si\u0119 do tworzenia stylizacji prosto z modowych magazyn\u00f3w.\u00a0<\/span><\/p>\n<h4><span id=\"Chrzciny_i_komunia\"><span style=\"font-weight: 400;\">Chrzciny i komunia\u00a0<\/span><\/span><\/h4>\n<p><span style=\"font-weight: 400;\">Chrzciny czy komunia to eleganckie przyj\u0119cia, w kt\u00f3rych cz\u0119\u015b\u0107 uroczysto\u015bci odbywa si\u0119 w ko\u015bciele, dlatego nale\u017cy szczeg\u00f3ln\u0105 wag\u0119 przy\u0142o\u017cy\u0107 do okrycia wierzchniego. Powinno by\u0107 skromne, najlepiej jasne \u2013 na takie okazje zak\u0142ada si\u0119 w\u0142a\u015bnie jasne ubrania (w kolorze pudrowego r\u00f3\u017cu, z\u0142amanej bieli, be\u017cu itp.).\u00a0<\/span><\/p>\n<p><span style=\"font-weight: 400;\">Zamiast po tradycyjn\u0105 kurtk\u0119 warto si\u0119gn\u0105\u0107 po jej alternatyw\u0119: elegancki \u017cakiet. Najlepiej wybra\u0107 model podkre\u015blaj\u0105cy tali\u0119 i w kolorze zbli\u017conym do sukienki lub wr\u0119cz przeciwnie \u2013 kontrastuj\u0105cym z ni\u0105.\u00a0<\/span><\/p>\n<p><span style=\"font-weight: 400;\">W tej sytuacji mo\u017cesz postawi\u0107 np. na \u017cakiet biznesowy w jasnym kolorze lub marynark\u0119 \u2013 najlepiej wykonan\u0105 z lnu, we\u0142ny albo innego naturalnego materia\u0142u. Ca\u0142o\u015b\u0107 b\u0119dzie wygl\u0105da\u0107 subtelnie, kobieco i elegancko.\u00a0<\/span><\/p>\n<h4><span id=\"Rodzinna_impreza_urodziny_grill_i_wiele_innych\"><span style=\"font-weight: 400;\">Rodzinna impreza \u2013 urodziny, grill i wiele innych\u00a0<\/span><\/span><\/h4>\n<p><b>Jaka kurtka do d\u0142ugiej sukienki <\/b><span style=\"font-weight: 400;\">na imprez\u0119 o niezobowi\u0105zuj\u0105cym charakterze? Grill, urodziny czy inne okazje najcz\u0119\u015bciej nie wymagaj\u0105 stosowania si\u0119 do \u015bci\u015ble okre\u015blonego dress codu. W zwi\u0105zku z tym masz du\u017c\u0105 swobod\u0119 w wybieraniu dodatk\u00f3w do sukienki. Ciekaw\u0105 propozycj\u0105 s\u0105 tutaj kurtki jeansowe, jak np. <a href=\"https:\/\/answear.com\/p\/tommy-jeans-kurtka-jeansowa-damska-kolor-niebieski-przejsciowa-810123\" target=\"_blank\" rel=\"noopener\">Tommy Jeans kurtka d\u017cinsowa<\/a> &#8211; t<\/span><span style=\"font-weight: 400;\">aki dodatek sprawi, \u017ce stylizacja b\u0119dzie wygl\u0105da\u0107 lekko, a Ty b\u0119dziesz si\u0119 w niej czu\u0107 swobodnie. Co jeszcze pasuje do d\u0142ugiej sukienki za\u0142o\u017conej na rodzinn\u0105 imprez\u0119? Kardigan. Je\u015bli zdecydujesz si\u0119 na delikatny splot, stylizacja b\u0119dzie wygl\u0105da\u0107 wdzi\u0119cznie. Podobne po\u0142\u0105czenie mo\u017cesz stosowa\u0107 r\u00f3wnie\u017c na wakacjach lub na co dzie\u0144.\u00a0<\/span><\/p>\n<figure style=\"width: 410px\" class=\"wp-caption aligncenter\"><img loading=\"lazy\" decoding=\"async\" title=\"Tommy Jeans kurtka jeansowa\" src=\"https:\/\/img2.ans-media.com\/i\/540x813\/SS23-KUD02M-95J_F2.jpg@webp?v=1672911409\" alt=\"Tommy Jeans kurtka jeansowa\" width=\"410\" height=\"586\" \/><figcaption class=\"wp-caption-text\">\u0179r\u00f3d\u0142o: https:\/\/answear.com\/p\/tommy-jeans-kurtka-jeansowa-damska-kolor-niebieski-przejsciowa-810123<\/figcaption><\/figure>\n<h4><span id=\"Romantyczna_kolacja\"><span style=\"font-weight: 400;\">Romantyczna kolacja<\/span><\/span><\/h4>\n<p><b>Jaka kurtka do d\u0142ugiej sukienki <\/b><span style=\"font-weight: 400;\">b\u0119dzie dobrym wyborem na romantyczn\u0105 kolacj\u0119 z ukochan\u0105 osob\u0105? W tej sytuacji najlepszym wyborem jest ramoneska: skromna, bez nadmiaru ozd\u00f3b i nieco kr\u00f3tsza ni\u017c standardowa. Mo\u017cesz dobra\u0107 kolor ramoneski do pozosta\u0142ych element\u00f3w stylizacji. Jednak warto wyposa\u017cy\u0107 swoj\u0105 szaf\u0119 w odzie\u017c, kt\u00f3ra jest uniwersalna i b\u0119dzie pasowa\u0107 do wielu kolor\u00f3w. \u015awietnie sprawdz\u0105 si\u0119 zatem bia\u0142e, czarne ramoneski &#8211; na przyk\u0142ad: <a href=\"https:\/\/modivo.pl\/p\/mango-kurtka-skorzana-perfect-57039805-czarny-regular-fit-0000303408893\" target=\"_blank\" rel=\"noopener\">Kurtka sk\u00f3rzana Perfect 57039805 Czarny Regular Fit<\/a><br \/>\n<\/span><\/p>\n<figure style=\"width: 423px\" class=\"wp-caption aligncenter\"><img loading=\"lazy\" decoding=\"async\" title=\"Mango Mango Kurtka sk\u00f3rzana Perfect 57039805 Czarny Regular Fit\" src=\"https:\/\/img.modivo.cloud\/product(2\/a\/d\/b\/2adb953a13fcf7e5da04bac16c83345ef31801a1_01_0000303408893_LS.jpg,jpg)\/mango-kurtka-skorzana-perfect-57039805-czarny-regular-fit-0000303408893.jpg\" alt=\"Mango Mango Kurtka sk\u00f3rzana Perfect 57039805 Czarny Regular Fit\" width=\"423\" height=\"584\" \/><figcaption class=\"wp-caption-text\">\u0179r\u00f3d\u0142o: https:\/\/modivo.pl\/p\/mango-kurtka-skorzana-perfect-57039805-czarny-regular-fit-0000303408893<\/figcaption><\/figure>\n<h4><span id=\"Wesele\"><span style=\"font-weight: 400;\">Wesele<\/span><\/span><\/h4>\n<p><b>Jaka kurtka do d\u0142ugiej sukienki na wesele<\/b><span style=\"font-weight: 400;\">? \u015alub i wesele to wyj\u0105tkowe uroczysto\u015bci, dlatego tutaj warto zrezygnowa\u0107 z tradycyjnej kurtki na rzecz alternatyw \u2013 \u017cakietu, marynarki, subtelnej narzutki &#8211; np. <a href=\"https:\/\/answear.com\/p\/answear-lab-marynarka-kolor-czarny-dwurzedowa-gladka-944595\" target=\"_blank\" rel=\"noopener\">Answear Lab marynarka<\/a>. Najlepiej wybra\u0107 kt\u00f3ry\u015b z modeli w neutralnym kolorze: be\u017cu, z\u0142amanej bieli czy czerni. Dzi\u0119ki temu wybrane okrycie u\u017cyjesz kilka razy, poniewa\u017c b\u0119dzie pasowa\u0107 do wielu stylizacji. Zale\u017cnie od pory roku mo\u017cesz wybra\u0107 r\u00f3wnie\u017c trencz w jasnym kolorze, kt\u00f3ry zapewni Ci wygod\u0119 i podkre\u015bli charakter stylizacji.\u00a0<\/span><\/p>\n<figure style=\"width: 403px\" class=\"wp-caption aligncenter\"><img loading=\"lazy\" decoding=\"async\" title=\"czarny Answear Lab marynarka Damska\" src=\"https:\/\/img2.ans-media.com\/i\/540x813\/WZ23-KZD022-99X_F1.jpg@webp?v=1689686538\" alt=\"czarny Answear Lab marynarka Damska\" width=\"403\" height=\"622\" \/><figcaption class=\"wp-caption-text\">\u0179r\u00f3d\u0142o: https:\/\/answear.com\/p\/answear-lab-marynarka-kolor-czarny-dwurzedowa-gladka-944595<\/figcaption><\/figure>\n<h2><span id=\"Kurtki_do_dlugich_sukienek_na_rozne_pory_roku\"><span style=\"font-weight: 400;\">Kurtki do d\u0142ugich sukienek na r\u00f3\u017cne pory roku<\/span><\/span><\/h2>\n<p><b>Jaka kurtka do d\u0142ugiej sukienki <\/b><span style=\"font-weight: 400;\">sprawdzi si\u0119 zim\u0105 i jesieni\u0105, a jaka wiosn\u0105 i latem? Ka\u017cda z tych p\u00f3r roku sprawia, \u017ce panuje specyficzna pogoda. W zwi\u0105zku z tym generuje r\u00f3wnie\u017c okre\u015blone wymogi dotycz\u0105ce ubioru. Jak\u0105 sukienk\u0119 wybra\u0107 na cieplejsze miesi\u0105ce, a jak\u0105 na te, kiedy temperatura wyra\u017anie spada i pogoda jest mniej stabilna?\u00a0<\/span><\/p>\n<h3><span id=\"Kurtki_do_dlugich_sukienek_na_wiosne_i_lato\"><span style=\"font-weight: 400;\">Kurtki do d\u0142ugich sukienek na wiosn\u0119 i lato<\/span><\/span><\/h3>\n<p><b>D\u0142uga sukienka na wesele <\/b><span style=\"font-weight: 400;\">lub inn\u0105 okazj\u0119 wiosn\u0105 czy latem nie wymaga okrycia wierzchniego, kt\u00f3re b\u0119dzie zapewnia\u0107 szczeg\u00f3ln\u0105 ochron\u0119 przed ch\u0142odem. Ciep\u0142e miesi\u0105ce sprawiaj\u0105, \u017ce kurtka stanowi jedynie form\u0119 zabezpieczenia przed nag\u0142ym och\u0142odzeniem. W tym okresie warto wi\u0119c zamiast tradycyjnych kurtek, z puchowym wype\u0142nieniem czy pikowanych, wybiera\u0107 l\u017cejsze alternatywy: modele jeansowe np. <a href=\"https:\/\/answear.com\/p\/answear-lab-kurtka-jeansowa-damska-kolor-szary-przejsciowa-oversize-942386\" target=\"_blank\" rel=\"noopener\">Answear Lab kurtka jeansowa Oversize w kolorze szarym<\/a>, ramoneski &#8211; <a href=\"https:\/\/answear.com\/p\/answear-lab-ramoneska-damska-kolor-czarny-przejsciowa-884385\" target=\"_blank\" rel=\"noopener\">Kurtka przej\u015bciowa Answear Lab ramoneska<\/a> lub zast\u0105pi\u0107 je alternatywami w formie \u017cakietu czy marynarki.\u00a0<\/span><\/p>\n<figure style=\"width: 384px\" class=\"wp-caption aligncenter\"><img loading=\"lazy\" decoding=\"async\" title=\"szary Answear Lab kurtka jeansowa Damska\" src=\"https:\/\/img2.ans-media.com\/i\/540x813\/WZ23-KUD02E-90X_F1.jpg@webp?v=1689607581\" alt=\"szary Answear Lab kurtka jeansowa Damska\" width=\"384\" height=\"686\" \/><figcaption class=\"wp-caption-text\">\u0179r\u00f3d\u0142o: https:\/\/answear.com\/p\/answear-lab-kurtka-jeansowa-damska-kolor-szary-przejsciowa-oversize-942386<\/figcaption><\/figure>\n<p><span style=\"font-weight: 400;\">Ca\u0142o\u015b\u0107 b\u0119dzie wygl\u0105da\u0107 w\u00f3wczas elegancko i lekko. Taka kurtka b\u0119dzie zas\u0142ania\u0107 ramiona przed nadmiernym opaleniem, a tak\u017ce ogrzeje cia\u0142o, gdy nadejdzie ch\u0142odny wiecz\u00f3r. B\u0119dzie wygl\u0105da\u0107 stylowo i nowocze\u015bnie, a przy tym doda ca\u0142ej stylizacji nieco klasy.\u00a0<\/span><\/p>\n<h3><span id=\"Kurtki_do_dlugich_sukienek_na_jesien_i_zime\"><span style=\"font-weight: 400;\">Kurtki do d\u0142ugich sukienek na jesie\u0144 i zim\u0119<\/span><\/span><\/h3>\n<p><b>Jaka kurtka zimowa do d\u0142ugiej sukienki? <\/b><span style=\"font-weight: 400;\">Najlepszym wyborem b\u0119dzie klasyczny p\u0142aszcz np. &#8211; <a href=\"https:\/\/www.sinsay.com\/pl\/pl\/plaszcz-z-paskiem-9801a-99x\">czarny p\u0142aszcz damski z paskiem<\/a>. Im d\u0142u\u017cszy, tym lepiej \u2013 b\u0119dzie \u015bwietnie wygl\u0105da\u0107 z kozakami czy botkami na obcasie. Warto wybiera\u0107 modele wykonane z naturalnych materia\u0142\u00f3w, w tym przede wszystkim z we\u0142ny. Zapewnia du\u017cy komfort termiczny, jest delikatna i chroni przed nadmiernym poceniem si\u0119.<\/span><\/p>\n<figure style=\"width: 423px\" class=\"wp-caption aligncenter\"><img loading=\"lazy\" decoding=\"async\" title=\"P\u0142aszcz z paskiem - czarny - SINSAY\" src=\"https:\/\/static.sinsay.com\/media\/catalog\/product\/9\/8\/9801A-99X-001-1-630227_19.jpg\" alt=\"P\u0142aszcz z paskiem - czarny - SINSAY\" width=\"423\" height=\"679\" \/><figcaption class=\"wp-caption-text\">\u0179r\u00f3d\u0142o:<a href=\"http:\/\/paypo.pl\/p\/partner\/sinsay\"> Sinsay Sklep Online<\/a>: https:\/\/www.sinsay.com\/pl\/pl\/plaszcz-z-paskiem-9801a-99x<\/figcaption><\/figure>\n<p><span style=\"font-weight: 400;\">Warto pami\u0119ta\u0107, \u017ce w przypadku okry\u0107 wierzchnich stylizacji jesieni\u0105 i zim\u0105 panuje spora swoboda. Mo\u017cesz wi\u0119c za\u0142o\u017cy\u0107 r\u00f3wnie\u017c ulubion\u0105 kurtk\u0119 puchow\u0105 czy park\u0119. Po przybyciu na miejsce imprezy najpewniej j\u0105 zdejmiesz, a w trakcie zabawy nie b\u0119dziesz wychodzi\u0107 na zewn\u0105trz ze wzgl\u0119du na pogod\u0119. W zwi\u0105zku z tym warto kierowa\u0107 si\u0119 przede wszystkim swoim komfortem podczas tworzenia zestawu na dan\u0105 okazj\u0119.<\/span><\/p>\n<h2><span id=\"Jakie_kurtki_do_dlugich_sukienek_sa_teraz_modne\"><span style=\"font-weight: 400;\">Jakie kurtki do d\u0142ugich sukienek s\u0105 teraz modne?<\/span><\/span><\/h2>\n<p><span style=\"font-weight: 400;\">W tej chwili do d\u0142ugich sukienek cz\u0119sto wybiera si\u0119 p\u0142aszcze: d\u0142ugie, taliowane, wykonane z naturalnych materia\u0142\u00f3w. Podkre\u015blaj\u0105 eleganck\u0105 stylizacj\u0119, dodaj\u0105 jej kobieco\u015bci i wdzi\u0119ku, a przy tym mog\u0105 by\u0107 zak\u0142adane zar\u00f3wno podczas wielkich wyj\u015b\u0107, jak i na co dzie\u0144. Takie po\u0142\u0105czenie jest jednym z klasyk\u00f3w. Jakie trendy pojawi\u0142y si\u0119 w ostatnich latach i jak je wykorzysta\u0107, aby jak najlepiej wygl\u0105da\u0107?\u00a0<\/span><\/p>\n<h3><span id=\"Trendy_w_kurtkach_do_dlugich_sukienek\"><span style=\"font-weight: 400;\">Trendy w kurtkach do d\u0142ugich sukienek<\/span><\/span><\/h3>\n<p><b>D\u0142uga sukienka na wesele <\/b><span style=\"font-weight: 400;\">lub inn\u0105 okazj\u0119 \u015bwietnie wygl\u0105da z kr\u00f3tk\u0105 kurtk\u0105, kt\u00f3ra ko\u0144czy si\u0119 tu\u017c pod biustem lub w okolicach talii. Taki zestaw wyd\u0142u\u017ca sylwetk\u0119, podkre\u015bla kobiece kszta\u0142ty i pomaga ukry\u0107 drobne mankamenty. Sprawdza si\u0119 zar\u00f3wno na co dzie\u0144, jak i podczas wyj\u0105tkowych okazji. Przy dobraniu odpowiednich dodatk\u00f3w zapewni ciekawy efekt.\u00a0<\/span><\/p>\n<figure style=\"width: 350px\" class=\"wp-caption aligncenter\"><img loading=\"lazy\" decoding=\"async\" title=\"Marc O'Polo Marc O'Polo Kurtka puchowa Szary Oversize\" src=\"https:\/\/img.modivo.cloud\/product(c\/6\/9\/8\/c698b9ec69d7981376f1e8cf7cf78dee6485fe99_01_7325867257217.jpg,jpg)\/marc-opolo-kurtka-puchowa-209-0808-70007-szary-oversize.jpg\" alt=\"Marc O'Polo Marc O'Polo Kurtka puchowa Szary Oversize\" width=\"350\" height=\"569\" \/><figcaption class=\"wp-caption-text\">\u0179r\u00f3d\u0142o: https:\/\/modivo.pl\/p\/marc-opolo-kurtka-puchowa-209-0808-70007-szary-oversize<\/figcaption><\/figure>\n<p><span style=\"font-weight: 400;\">Modne jest r\u00f3wnie\u017c zak\u0142adanie puchowych kurtek oversize do d\u0142ugich kobiecych sukienek &#8211; np. <a href=\"https:\/\/modivo.pl\/p\/marc-opolo-kurtka-puchowa-209-0808-70007-szary-oversize\" target=\"_blank\" rel=\"noopener\">Kurtka puchowa MARC O&#8217;POLO<\/a>. Sprawiaj\u0105, \u017ce stylizacja wygl\u0105da jak z wybiegu. Za\u0142o\u017cenie takiej kreacji wymaga sporo odwagi, poniewa\u017c znacznie odbiega od przyj\u0119tych schemat\u00f3w \u2013 zw\u0142aszcza na eleganckie przyj\u0119cia.\u00a0<\/span><\/p>\n<p><b>Jaka kurtka zimowa do d\u0142ugiej sukienki <\/b><span style=\"font-weight: 400;\">na wyj\u0105tkow\u0105 okazj\u0119? Jaki model na jesienn\u0105 uroczysto\u015b\u0107 z rodzin\u0105 i przyjaci\u00f3\u0142mi? Taka, kt\u00f3ra b\u0119dzie wygodna, dopasowana do Twojego stylu i uzupe\u0142ni sporo innych stylizacji. Pami\u0119taj, \u017ce moda jest po to, by m\u00f3c dzi\u0119ki niej wyra\u017ca\u0107 siebie. Warto wi\u0119c kierowa\u0107 si\u0119 przede wszystkim swoim gustem i wygod\u0105 \u2013 w\u00f3wczas efekt b\u0119dzie spektakularny.<\/span><\/p>\n<p>\u0179r\u00f3d\u0142o zdj\u0119cia g\u0142\u00f3wnego: https:\/\/www.pexels.com\/pl-pl\/<\/p>\n","protected":false},"excerpt":{"rendered":"<p>D\u0142ugie sukienki s\u0105 eleganckie i kobiece. Podkre\u015blaj\u0105 atuty sylwetki, a jednocze\u015bnie pozwalaj\u0105 ukry\u0107 drobne mankamenty. Mo\u017cna nosi\u0107 je o ka\u017cdej porze roku. Wiele os\u00f3b zadaje sobie pytanie: je\u015bli d\u0142uga kreacja, to jaka kurtka? Do d\u0142ugiej sukienki warto wybra\u0107 model, kt\u00f3ry nie zaburzy proporcji sylwetki i b\u0119dzie odpowiednio dopasowany do konkretnej okazji. Jak to zrobi\u0107, aby [&hellip;]<\/p>\n","protected":false},"author":10,"featured_media":2191,"comment_status":"closed","ping_status":"closed","sticky":false,"template":"","format":"standard","meta":{"footnotes":""},"categories":[6],"tags":[13,14,15],"class_list":["post-2156","post","type-post","status-publish","format-standard","has-post-thumbnail","hentry","category-zakupy-w-sieci","tag-zakupy-przez-internet","tag-sprzedaz-przez-internet","tag-sklepy-internetowe"],"yoast_head":"<!-- This site is optimized with the Yoast SEO plugin v20.5 - https:\/\/yoast.com\/wordpress\/plugins\/seo\/ -->\n<title>Jaka Kurtka do D\u0142ugiej Sukienki? - PayPo Blog<\/title>\n<meta name=\"description\" content=\"Szukasz idealnej kurtki do d\u0142ugiej sukienki? Odkryj nasz przewodnik po stylach i dowiedz si\u0119, jak dobrze dobra\u0107 kurtk\u0119 do sukienki na r\u00f3\u017cne okazje i pory roku.\" \/>\n<meta name=\"robots\" content=\"index, follow, max-snippet:-1, max-image-preview:large, max-video-preview:-1\" \/>\n<link rel=\"canonical\" href=\"https:\/\/paypo.pl\/blog\/jaka-wybrac-kurtke-do-dlugiej-sukienki-przewodnik-po-stylach\/\" \/>\n<meta property=\"og:locale\" content=\"pl_PL\" \/>\n<meta property=\"og:type\" content=\"article\" \/>\n<meta property=\"og:title\" content=\"Jaka Kurtka do D\u0142ugiej Sukienki? - PayPo Blog\" \/>\n<meta property=\"og:description\" content=\"Szukasz idealnej kurtki do d\u0142ugiej sukienki? Odkryj nasz przewodnik po stylach i dowiedz si\u0119, jak dobrze dobra\u0107 kurtk\u0119 do sukienki na r\u00f3\u017cne okazje i pory roku.\" \/>\n<meta property=\"og:url\" content=\"https:\/\/paypo.pl\/blog\/jaka-wybrac-kurtke-do-dlugiej-sukienki-przewodnik-po-stylach\/\" \/>\n<meta property=\"og:site_name\" content=\"PayPo Blog\" \/>\n<meta property=\"article:published_time\" content=\"2023-08-12T06:00:51+00:00\" \/>\n<meta property=\"article:modified_time\" content=\"2023-08-22T07:03:48+00:00\" \/>\n<meta property=\"og:image\" content=\"https:\/\/paypo.pl\/blog\/wp-content\/uploads\/2023\/08\/pexels-nataliya-vaitkevich-4453724.jpg\" \/>\n\t<meta property=\"og:image:width\" content=\"973\" \/>\n\t<meta property=\"og:image:height\" content=\"690\" \/>\n\t<meta property=\"og:image:type\" content=\"image\/jpeg\" \/>\n<meta name=\"author\" content=\"Karolina M\u0105dra\" \/>\n<meta name=\"twitter:card\" content=\"summary_large_image\" \/>\n<meta name=\"twitter:label1\" content=\"Napisane przez\" \/>\n\t<meta name=\"twitter:data1\" content=\"Karolina M\u0105dra\" \/>\n\t<meta name=\"twitter:label2\" content=\"Szacowany czas czytania\" \/>\n\t<meta name=\"twitter:data2\" content=\"9 minut\" \/>\n<!-- \/ Yoast SEO plugin. -->","yoast_head_json":{"title":"Jaka Kurtka do D\u0142ugiej Sukienki? - PayPo Blog","description":"Szukasz idealnej kurtki do d\u0142ugiej sukienki? Odkryj nasz przewodnik po stylach i dowiedz si\u0119, jak dobrze dobra\u0107 kurtk\u0119 do sukienki na r\u00f3\u017cne okazje i pory roku.","robots":{"index":"index","follow":"follow","max-snippet":"max-snippet:-1","max-image-preview":"max-image-preview:large","max-video-preview":"max-video-preview:-1"},"canonical":"https:\/\/paypo.pl\/blog\/jaka-wybrac-kurtke-do-dlugiej-sukienki-przewodnik-po-stylach\/","og_locale":"pl_PL","og_type":"article","og_title":"Jaka Kurtka do D\u0142ugiej Sukienki? - PayPo Blog","og_description":"Szukasz idealnej kurtki do d\u0142ugiej sukienki? Odkryj nasz przewodnik po stylach i dowiedz si\u0119, jak dobrze dobra\u0107 kurtk\u0119 do sukienki na r\u00f3\u017cne okazje i pory roku.","og_url":"https:\/\/paypo.pl\/blog\/jaka-wybrac-kurtke-do-dlugiej-sukienki-przewodnik-po-stylach\/","og_site_name":"PayPo Blog","article_published_time":"2023-08-12T06:00:51+00:00","article_modified_time":"2023-08-22T07:03:48+00:00","og_image":[{"width":973,"height":690,"url":"https:\/\/paypo.pl\/blog\/wp-content\/uploads\/2023\/08\/pexels-nataliya-vaitkevich-4453724.jpg","type":"image\/jpeg"}],"author":"Karolina M\u0105dra","twitter_card":"summary_large_image","twitter_misc":{"Napisane przez":"Karolina M\u0105dra","Szacowany czas czytania":"9 minut"},"schema":{"@context":"https:\/\/schema.org","@graph":[{"@type":"WebPage","@id":"https:\/\/paypo.pl\/blog\/jaka-wybrac-kurtke-do-dlugiej-sukienki-przewodnik-po-stylach\/","url":"https:\/\/paypo.pl\/blog\/jaka-wybrac-kurtke-do-dlugiej-sukienki-przewodnik-po-stylach\/","name":"Jaka Kurtka do D\u0142ugiej Sukienki? - PayPo Blog","isPartOf":{"@id":"https:\/\/paypo.pl\/blog\/#website"},"datePublished":"2023-08-12T06:00:51+00:00","dateModified":"2023-08-22T07:03:48+00:00","author":{"@id":"https:\/\/paypo.pl\/blog\/#\/schema\/person\/653d63c95a46965feffc7f62f8197f60"},"description":"Szukasz idealnej kurtki do d\u0142ugiej sukienki? Odkryj nasz przewodnik po stylach i dowiedz si\u0119, jak dobrze dobra\u0107 kurtk\u0119 do sukienki na r\u00f3\u017cne okazje i pory roku.","breadcrumb":{"@id":"https:\/\/paypo.pl\/blog\/jaka-wybrac-kurtke-do-dlugiej-sukienki-przewodnik-po-stylach\/#breadcrumb"},"inLanguage":"pl-PL","potentialAction":[{"@type":"ReadAction","target":["https:\/\/paypo.pl\/blog\/jaka-wybrac-kurtke-do-dlugiej-sukienki-przewodnik-po-stylach\/"]}]},{"@type":"BreadcrumbList","@id":"https:\/\/paypo.pl\/blog\/jaka-wybrac-kurtke-do-dlugiej-sukienki-przewodnik-po-stylach\/#breadcrumb","itemListElement":[{"@type":"ListItem","position":1,"name":"Strona g\u0142\u00f3wna","item":"https:\/\/paypo.pl\/blog\/"},{"@type":"ListItem","position":2,"name":"Jak\u0105 wybra\u0107 kurtk\u0119 do d\u0142ugiej sukienki? &#8211; Przewodnik po Stylach"}]},{"@type":"WebSite","@id":"https:\/\/paypo.pl\/blog\/#website","url":"https:\/\/paypo.pl\/blog\/","name":"PayPo Blog","description":"PapPo Blog","potentialAction":[{"@type":"SearchAction","target":{"@type":"EntryPoint","urlTemplate":"https:\/\/paypo.pl\/blog\/?s={search_term_string}"},"query-input":"required name=search_term_string"}],"inLanguage":"pl-PL"},{"@type":"Person","@id":"https:\/\/paypo.pl\/blog\/#\/schema\/person\/653d63c95a46965feffc7f62f8197f60","name":"Karolina M\u0105dra","image":{"@type":"ImageObject","inLanguage":"pl-PL","@id":"https:\/\/paypo.pl\/blog\/#\/schema\/person\/image\/","url":"https:\/\/paypo.pl\/blog\/wp-content\/uploads\/2023\/06\/Karolina-Madra_avatar_1688119121-96x96.png","contentUrl":"https:\/\/paypo.pl\/blog\/wp-content\/uploads\/2023\/06\/Karolina-Madra_avatar_1688119121-96x96.png","caption":"Karolina M\u0105dra"},"description":"Senior Marketing Manager w PayPo. Od ponad 7 lat pracuje w bran\u017cy us\u0142ug dla e-commerce. Zajmuje si\u0119 g\u0142\u00f3wnie strategi\u0105 digital marketingu, w tym tak\u017ce dzia\u0142aniami SEO. Obecnie w firmie PayPo prowadzi projekty zar\u00f3wno z obszaru ATL i BTL. Wcze\u015bniej do\u015bwiadczenie zdobywa\u0142a w serwisie Furgonetka.pl. Wolny czas najch\u0119tniej sp\u0119dza na rowerze, zaj\u0119ciach fitness lub odkrywaniu kulinarnej mapy \u015bwiata.","url":"https:\/\/paypo.pl\/blog\/author\/karolina-madra\/"}]}},"_links":{"self":[{"href":"https:\/\/paypo.pl\/blog\/wp-json\/wp\/v2\/posts\/2156","targetHints":{"allow":["GET"]}}],"collection":[{"href":"https:\/\/paypo.pl\/blog\/wp-json\/wp\/v2\/posts"}],"about":[{"href":"https:\/\/paypo.pl\/blog\/wp-json\/wp\/v2\/types\/post"}],"author":[{"embeddable":true,"href":"https:\/\/paypo.pl\/blog\/wp-json\/wp\/v2\/users\/10"}],"replies":[{"embeddable":true,"href":"https:\/\/paypo.pl\/blog\/wp-json\/wp\/v2\/comments?post=2156"}],"version-history":[{"count":11,"href":"https:\/\/paypo.pl\/blog\/wp-json\/wp\/v2\/posts\/2156\/revisions"}],"predecessor-version":[{"id":2248,"href":"https:\/\/paypo.pl\/blog\/wp-json\/wp\/v2\/posts\/2156\/revisions\/2248"}],"wp:featuredmedia":[{"embeddable":true,"href":"https:\/\/paypo.pl\/blog\/wp-json\/wp\/v2\/media\/2191"}],"wp:attachment":[{"href":"https:\/\/paypo.pl\/blog\/wp-json\/wp\/v2\/media?parent=2156"}],"wp:term":[{"taxonomy":"category","embeddable":true,"href":"https:\/\/paypo.pl\/blog\/wp-json\/wp\/v2\/categories?post=2156"},{"taxonomy":"post_tag","embeddable":true,"href":"https:\/\/paypo.pl\/blog\/wp-json\/wp\/v2\/tags?post=2156"}],"curies":[{"name":"wp","href":"https:\/\/api.w.org\/{rel}","templated":true}]}}